{"id":2717,"date":"2020-07-29T16:35:07","date_gmt":"2020-07-29T14:35:07","guid":{"rendered":"https:\/\/marlenakeine.com\/?p=2717"},"modified":"2020-07-29T16:36:56","modified_gmt":"2020-07-29T14:36:56","slug":"29-augusts-1800-mazie-opermuzikas-svetki-laidze","status":"publish","type":"post","link":"https:\/\/marlenakeine.com\/lv\/2020\/07\/29\/29-augusts-1800-mazie-opermuzikas-svetki-laidze\/","title":{"rendered":"29.augusts, 18:00, Mazie Operm\u016bzikas sv\u0113tki Laidz\u0113"},"content":{"rendered":"\n<p>Operm\u016bzikas koncerts ar skaist\u0101kaj\u0101m operas \u0101rij\u0101m un m\u012blas duetiem. Latvijas Nacion\u0101l\u0101s Operas un Baleta soliste, dzidrais sopr\u0101ns Marl\u0113na Keine, Latvijas Nacion\u0101l\u0101s Operas un Baleta solists, \u0161armantais baritons Rinalds Kandalincevs, un virtuoz\u0101 pianiste, koncertmeistare Agnese Egli\u0146a.<\/p>\n\n\n\n<p>Vair\u0101k par koncertu:<\/p>\n\n\n\n<p><a href=\"https:\/\/www.facebook.com\/Laidzesbrivalaikapavadisanascentrs\/photos\/a.468801103326292\/1335562959983431\/?type=3&amp;theater\">https:\/\/www.facebook.com\/Laidzesbrivalaikapavadisanascentrs\/photos\/a.468801103326292\/1335562959983431\/?type=3&amp;theater<\/a><\/p>\n\n\n\n<p><\/p>\n\n\n\n<p><\/p>\n\n\n\n<p><\/p>\n","protected":false},"excerpt":{"rendered":"<p>Operm\u016bzikas koncerts ar skaist\u0101kaj\u0101m operas \u0101rij\u0101m un m\u012blas duetiem. <\/p>\n","protected":false},"author":4,"featured_media":2716,"comment_status":"closed","ping_status":"open","sticky":false,"template":"","format":"standard","meta":{"footnotes":""},"categories":[63,36],"tags":[],"_links":{"self":[{"href":"https:\/\/marlenakeine.com\/lv\/wp-json\/wp\/v2\/posts\/2717"}],"collection":[{"href":"https:\/\/marlenakeine.com\/lv\/wp-json\/wp\/v2\/posts"}],"about":[{"href":"https:\/\/marlenakeine.com\/lv\/wp-json\/wp\/v2\/types\/post"}],"author":[{"embeddable":true,"href":"https:\/\/marlenakeine.com\/lv\/wp-json\/wp\/v2\/users\/4"}],"replies":[{"embeddable":true,"href":"https:\/\/marlenakeine.com\/lv\/wp-json\/wp\/v2\/comments?post=2717"}],"version-history":[{"count":1,"href":"https:\/\/marlenakeine.com\/lv\/wp-json\/wp\/v2\/posts\/2717\/revisions"}],"predecessor-version":[{"id":2719,"href":"https:\/\/marlenakeine.com\/lv\/wp-json\/wp\/v2\/posts\/2717\/revisions\/2719"}],"wp:featuredmedia":[{"embeddable":true,"href":"https:\/\/marlenakeine.com\/lv\/wp-json\/wp\/v2\/media\/2716"}],"wp:attachment":[{"href":"https:\/\/marlenakeine.com\/lv\/wp-json\/wp\/v2\/media?parent=2717"}],"wp:term":[{"taxonomy":"category","embeddable":true,"href":"https:\/\/marlenakeine.com\/lv\/wp-json\/wp\/v2\/categories?post=2717"},{"taxonomy":"post_tag","embeddable":true,"href":"https:\/\/marlenakeine.com\/lv\/wp-json\/wp\/v2\/tags?post=2717"}],"curies":[{"name":"wp","href":"https:\/\/api.w.org\/{rel}","templated":true}]}}