{"id":2472,"date":"2019-06-15T11:28:58","date_gmt":"2019-06-15T09:28:58","guid":{"rendered":"https:\/\/marlenakeine.com\/2019\/07\/20\/carmina-burana-soprana-solo-22-junijs-koncertzales-cesis\/"},"modified":"2020-01-18T12:48:27","modified_gmt":"2020-01-18T10:48:27","slug":"carmina-burana-soprana-solo-22-junijs-koncertzales-cesis","status":"publish","type":"post","link":"https:\/\/marlenakeine.com\/lv\/2019\/06\/15\/carmina-burana-soprana-solo-22-junijs-koncertzales-cesis\/","title":{"rendered":"Carmina Burana sopr\u0101na solo, 22.j\u016bnijs, koncertz\u0101les C\u0113sis"},"content":{"rendered":"\n<p>Carmina Burana sopr\u0101na solo , 22.j\u016bnijs plkst 18:00, koncertz\u0101les C\u0113sis <\/p>\n\n\n\n<p><a href=\"http:\/\/pasakumi.cesis.lv\/pasakums\/karla-orfa-oratorija-carmina-burana-veltijums-cesu-kauju-simtgadei\/\">http:\/\/pasakumi.cesis.lv\/pasakums\/karla-orfa-oratorija-carmina-burana-veltijums-cesu-kauju-simtgadei\/<\/a><\/p>\n","protected":false},"excerpt":{"rendered":"<p>Carmina Burana sopr\u0101na solo, 22.j\u016bnijs<\/p>\n","protected":false},"author":2,"featured_media":2469,"comment_status":"closed","ping_status":"open","sticky":false,"template":"","format":"standard","meta":{"footnotes":""},"categories":[36],"tags":[],"_links":{"self":[{"href":"https:\/\/marlenakeine.com\/lv\/wp-json\/wp\/v2\/posts\/2472"}],"collection":[{"href":"https:\/\/marlenakeine.com\/lv\/wp-json\/wp\/v2\/posts"}],"about":[{"href":"https:\/\/marlenakeine.com\/lv\/wp-json\/wp\/v2\/types\/post"}],"author":[{"embeddable":true,"href":"https:\/\/marlenakeine.com\/lv\/wp-json\/wp\/v2\/users\/2"}],"replies":[{"embeddable":true,"href":"https:\/\/marlenakeine.com\/lv\/wp-json\/wp\/v2\/comments?post=2472"}],"version-history":[{"count":1,"href":"https:\/\/marlenakeine.com\/lv\/wp-json\/wp\/v2\/posts\/2472\/revisions"}],"predecessor-version":[{"id":2473,"href":"https:\/\/marlenakeine.com\/lv\/wp-json\/wp\/v2\/posts\/2472\/revisions\/2473"}],"wp:featuredmedia":[{"embeddable":true,"href":"https:\/\/marlenakeine.com\/lv\/wp-json\/wp\/v2\/media\/2469"}],"wp:attachment":[{"href":"https:\/\/marlenakeine.com\/lv\/wp-json\/wp\/v2\/media?parent=2472"}],"wp:term":[{"taxonomy":"category","embeddable":true,"href":"https:\/\/marlenakeine.com\/lv\/wp-json\/wp\/v2\/categories?post=2472"},{"taxonomy":"post_tag","embeddable":true,"href":"https:\/\/marlenakeine.com\/lv\/wp-json\/wp\/v2\/tags?post=2472"}],"curies":[{"name":"wp","href":"https:\/\/api.w.org\/{rel}","templated":true}]}}